{"id":10131,"date":"2023-03-04T08:00:00","date_gmt":"2023-03-04T08:00:00","guid":{"rendered":"https:\/\/endorfeen.com\/?p=10131"},"modified":"2023-08-18T11:02:16","modified_gmt":"2023-08-18T10:02:16","slug":"quest-ce-que-le-changement-climatique","status":"publish","type":"post","link":"https:\/\/endorfeen.com\/fr\/quest-ce-que-le-changement-climatique\/","title":{"rendered":"Qu&rsquo;est-ce que le changement climatique ?"},"content":{"rendered":"\n<h2 class=\"wp-block-heading\" id=\"h-quelle-est-la-definition-simple-du-changement-climatique\"><strong>Quelle est la d\u00e9finition simple du changement climatique ?<\/strong><\/h2>\n\n\n\n<p>Le changement climatique est un changement des mod\u00e8les et des temp\u00e9ratures moyennes du temps. Les causes naturelles incluent des fluctuations de l&rsquo;\u00e9nergie solaire. Cependant, depuis le 19\u00e8me si\u00e8cle, la principale cause du changement climatique est li\u00e9e aux activit\u00e9s humaines, en particulier \u00e0 la combustion des combustibles fossiles tels que le charbon, le p\u00e9trole et le gaz.<\/p>\n\n\n\n<p>La combustion des combustibles fossiles lib\u00e8re des gaz \u00e0 effet de serre qui pi\u00e8gent la chaleur du soleil, entra\u00eenant une hausse des temp\u00e9ratures mondiales.<\/p>\n\n\n\n<p>Exemples de gaz \u00e0 effet de serre contribuant au changement climatique sont le dioxyde de carbone et le m\u00e9thane (lib\u00e9r\u00e9s par des activit\u00e9s telles que conduire une voiture \u00e0 l&rsquo;essence ou chauffer un b\u00e2timent avec du charbon).<\/p>\n\n\n\n<p>D\u00e9forestation et d\u00e9frichement contribuent \u00e9galement aux \u00e9missions de dioxyde de carbone, tandis que les d\u00e9charges sont une source importante d&rsquo;\u00e9missions de m\u00e9thane. Les principaux contributeurs aux \u00e9missions de gaz \u00e0 effet de serre sont l&rsquo;\u00e9nergie, les transports, l&rsquo;industrie, les b\u00e2timents, l&rsquo;agriculture et l&rsquo;utilisation des terres.<\/p>\n\n\n\n<figure class=\"wp-block-image size-large wp-block-size-large\"><img loading=\"lazy\" decoding=\"async\" width=\"1024\" height=\"683\" src=\"https:\/\/endorfeen.com\/wp-content\/uploads\/2023\/02\/matt-palmer-BtleFKDvN2Q-unsplash-1024x683.jpg\" alt=\"Changement climatique - D\u00e9finition\" class=\"wp-image-9800\" srcset=\"https:\/\/endorfeen.com\/wp-content\/uploads\/2023\/02\/matt-palmer-BtleFKDvN2Q-unsplash-300x200.jpg 300w, https:\/\/endorfeen.com\/wp-content\/uploads\/2023\/02\/matt-palmer-BtleFKDvN2Q-unsplash-600x400.jpg 600w, https:\/\/endorfeen.com\/wp-content\/uploads\/2023\/02\/matt-palmer-BtleFKDvN2Q-unsplash-768x512.jpg 768w, https:\/\/endorfeen.com\/wp-content\/uploads\/2023\/02\/matt-palmer-BtleFKDvN2Q-unsplash-1024x683.jpg 1024w, https:\/\/endorfeen.com\/wp-content\/uploads\/2023\/02\/matt-palmer-BtleFKDvN2Q-unsplash-1536x1024.jpg 1536w, https:\/\/endorfeen.com\/wp-content\/uploads\/2023\/02\/matt-palmer-BtleFKDvN2Q-unsplash-scaled.jpg 2048w\" sizes=\"auto, (max-width: 1024px) 100vw, 1024px\" \/><figcaption class=\"wp-element-caption\">Tasmania, Australia &#8211; Photo by <a href=\"https:\/\/unsplash.com\/fr\/@mattpalmer?utm_source=unsplash&amp;utm_medium=referral&amp;utm_content=creditCopyText\">Matt Palmer<\/a><\/figcaption><\/figure>\n\n\n\n<h2 class=\"wp-block-heading\" id=\"h-indicateurs-de-changement-climatique\">Indicateurs de changement climatique<\/h2>\n\n\n\n<h3 class=\"wp-block-heading\" id=\"h-quelles-actions-des-humains-provoquent-des-changements-climatiques\"><strong>Quelles actions des humains provoquent des changements climatiques ?<\/strong><\/h3>\n\n\n\n<h4 class=\"wp-block-heading\">La g\u00e9n\u00e9ration de gaz \u00e0 effet de serre<\/h4>\n\n\n\n<p>Avant la R\u00e9volution industrielle, qui a commenc\u00e9 au milieu du XIXe si\u00e8cle, les temp\u00e9ratures \u00e0 travers le monde \u00e9taient constamment d&rsquo;environ 14\u00b0C depuis 11 000 ans. La R\u00e9volution industrielle (milieu des ann\u00e9es 1800) a marqu\u00e9 le d\u00e9but de l&rsquo;utilisation g\u00e9n\u00e9ralis\u00e9e des combustibles fossiles tels que le charbon, le p\u00e9trole et le gaz comme sources d&rsquo;\u00e9nergie.<\/p>\n\n\n\n<p>La combustion des combustibles fossiles g\u00e9n\u00e8re de l&rsquo;\u00e9nergie. Elle lib\u00e8re \u00e9galement des gaz \u00e0 effet de serre tels que le dioxyde de carbone, le m\u00e9thane et l&rsquo;oxyde nitreux dans l&rsquo;atmosph\u00e8re. Au fil du temps, une quantit\u00e9 importante de ces gaz s&rsquo;est accumul\u00e9e dans l&rsquo;atmosph\u00e8re.<\/p>\n\n\n\n<p>Par exemple, la concentration de dioxyde de carbone dans l&rsquo;atmosph\u00e8re a augment\u00e9 de 40 % au cours des 20e et 21e si\u00e8cles et est maintenant sup\u00e9rieure \u00e0 400 ppm (parties par million). En 2019, le niveau de dioxyde de carbone dans l&rsquo;atmosph\u00e8re \u00e9tait plus \u00e9lev\u00e9 qu&rsquo;il ne l&rsquo;a \u00e9t\u00e9 depuis plus de deux millions d&rsquo;ann\u00e9es.<\/p>\n\n\n\n<figure class=\"wp-block-image size-large is-resized wp-block-size-large\"><img loading=\"lazy\" decoding=\"async\" src=\"https:\/\/endorfeen.com\/wp-content\/uploads\/2023\/02\/chris-leboutillier-c7RWVGL8lPA-unsplash-702x1024.jpg\" alt=\" class=\" class=\"wp-image-9802\" width=\"800\" height=\"1167\" srcset=\"https:\/\/endorfeen.com\/wp-content\/uploads\/2023\/02\/chris-leboutillier-c7RWVGL8lPA-unsplash-206x300.jpg 206w, https:\/\/endorfeen.com\/wp-content\/uploads\/2023\/02\/chris-leboutillier-c7RWVGL8lPA-unsplash-702x1024.jpg 702w, https:\/\/endorfeen.com\/wp-content\/uploads\/2023\/02\/chris-leboutillier-c7RWVGL8lPA-unsplash-768x1120.jpg 768w, https:\/\/endorfeen.com\/wp-content\/uploads\/2023\/02\/chris-leboutillier-c7RWVGL8lPA-unsplash-1053x1536.jpg 1053w, https:\/\/endorfeen.com\/wp-content\/uploads\/2023\/02\/chris-leboutillier-c7RWVGL8lPA-unsplash-scaled.jpg 1405w\" sizes=\"auto, (max-width: 800px) 100vw, 800px\" \/><figcaption class=\"wp-element-caption\">Photo par <a href=\"https:\/\/unsplash.com\/@chrisleboutillier?utm_source=unsplash&amp;utm_medium=referral&amp;utm_content=creditCopyText\">Chris LeBoutillier<\/a><\/figcaption><\/figure>\n\n\n\n<p>Les gaz \u00e0 effet de serre comme le dioxyde de carbone, une fois lib\u00e9r\u00e9s dans l&rsquo;atmosph\u00e8re, cr\u00e9ent une couverture autour de la plan\u00e8te. Cette couverture retient la chaleur du soleil et entra\u00eene un r\u00e9chauffement climatique.<\/p>\n\n\n\n<h4 class=\"wp-block-heading\">Un ph\u00e9nom\u00e8ne qui n&rsquo;est pas nouveau<\/h4>\n\n\n\n<p>Nous avons observ\u00e9 ce ph\u00e9nom\u00e8ne d\u00e8s les ann\u00e9es 1980. Pour fournir des informations aux gouvernements afin de s&rsquo;attaquer au changement climatique, le <a href=\"https:\/\/www.ipcc.ch\/\" target=\"_blank\" rel=\"noreferrer noopener\">Groupe d&rsquo;experts intergouvernemental sur l&rsquo;\u00e9volution du climat<\/a> (GIEC) a \u00e9t\u00e9 \u00e9tabli en 1988.<\/p>\n\n\n\n<p>Les recherches ont montr\u00e9 que les niveaux \u00e9lev\u00e9s de gaz \u00e0 effet de serre dans l&rsquo;atmosph\u00e8re sont la principale raison des temp\u00e9ratures mondiales en hausse.<\/p>\n\n\n\n<p>Les chercheurs ont \u00e9limin\u00e9 les \u00e9v\u00e9nements naturels tels que l&rsquo;activit\u00e9 volcanique, les changements dans la production d&rsquo;\u00e9nergie du soleil ou les sources naturelles de CO2 comme causes du changement climatique. Cependant, ces facteurs peuvent avoir un l\u00e9ger impact en plus des \u00e9missions caus\u00e9es par l&rsquo;homme.<\/p>\n\n\n\n<p>Le dernier rapport du GIEC affirme sans aucun doute que les actions humaines sont la seule cause du changement climatique.<\/p>\n\n\n\n<h3 class=\"wp-block-heading\" id=\"h-la-concentration-des-gaz-a-effet-de-serre-a-ete-a-son-plus-haut-niveau-depuis-tres-tres-longtemps\">La concentration des gaz \u00e0 effet de serre a \u00e9t\u00e9 \u00e0 son plus haut niveau depuis tr\u00e8s, tr\u00e8s longtemps.<\/h3>\n\n\n\n<p>De plus, les \u00e9missions continuent d&rsquo;augmenter. Par cons\u00e9quent, la plan\u00e8te est maintenant environ 1,1\u00b0C plus chaude qu&rsquo;elle ne l&rsquo;\u00e9tait au 19\u00e8me si\u00e8cle. La p\u00e9riode de 2011 \u00e0 2020 a \u00e9t\u00e9 enregistr\u00e9e comme la plus chaude des d\u00e9cennies.<\/p>\n\n\n\n<p>Beaucoup de gens croient que le changement climatique ne se r\u00e9f\u00e8re qu&rsquo;\u00e0 l&rsquo;augmentation des temp\u00e9ratures. Cependant, ceci n&rsquo;est qu&rsquo;une partie de l&rsquo;iceberg. Comme la Terre est un syst\u00e8me complexe avec des \u00e9l\u00e9ments interconnect\u00e9s, des modifications dans une zone peuvent causer des effets \u00e0 l&rsquo;\u00e9chelle mondiale.<\/p>\n\n\n\n<p>Les impacts du changement climatique englobent d\u00e9sormais une gamme de probl\u00e8mes. Ils comprennent des ph\u00e9nom\u00e8nes tels que de graves s\u00e9cheresses, des p\u00e9nuries d&rsquo;eau, des incendies rampants, des niveaux de la mer en hausse, des inondations, la fonte des calottes polaires, la fonte <a href=\"https:\/\/endorfeen.com\/fr\/considerations-cles-sur-le-pergelisol\/\">du perg\u00e9lisol<\/a>, des temp\u00eates d\u00e9vastatrices et une diminution de la biodiversit\u00e9.<\/p>\n\n\n\n<h3 class=\"wp-block-heading\" id=\"h-quelle-est-la-vitesse-d-augmentation-de-la-temperature\">Quelle est la vitesse d&rsquo;augmentation de la temp\u00e9rature&nbsp;?<\/h3>\n\n\n\n<p>Depuis le d\u00e9but de la R\u00e9volution industrielle, la temp\u00e9rature moyenne de la Terre a augment\u00e9 d&rsquo;environ 1\u00b0C. Il s&rsquo;agit d&rsquo;un changement rapide dans le contexte du syst\u00e8me climatique de la plan\u00e8te, car les changements globaux naturels ont g\u00e9n\u00e9ralement eu lieu sur des p\u00e9riodes beaucoup plus longues. Il convient \u00e9galement de noter que toutes les r\u00e9gions ne connaissent pas le m\u00eame niveau de r\u00e9chauffement, certaines r\u00e9gions connaissant une augmentation sup\u00e9rieure \u00e0 1\u00b0C.<\/p>\n\n\n\n<h2 class=\"wp-block-heading\" id=\"h-qu-est-ce-qui-cause-le-changement-climatique\"><strong>Qu&rsquo;est-ce qui cause le changement climatique ?<\/strong><\/h2>\n\n\n\n<h3 class=\"wp-block-heading\" id=\"h-qu-est-ce-que-l-effet-de-serre\">Qu&rsquo;est-ce que l&rsquo;effet de serre ?<\/h3>\n\n\n\n<p>L&rsquo;accumulation de gaz \u00e0 effet de serre comme le dioxyde de carbone dans l&rsquo;atmosph\u00e8re cr\u00e9e un bouclier autour de la Terre.<\/p>\n\n\n\n<p>Les gaz \u00e0 effet de serre comme le dioxyde de carbone forment une couverture autour de la Terre. Il permet aux rayonnements \u00e0 ondes courtes du soleil de passer \u00e0 travers et d&rsquo;atteindre la surface de la plan\u00e8te. La Terre absorbe cette lumi\u00e8re et cette \u00e9nergie. Elle \u00e9met ensuite des rayonnements infrarouges \u00e0 ondes longues, qui sont intercept\u00e9s par la couverture des gaz \u00e0 effet de serre. Une partie est absorb\u00e9e et retourne sur Terre, pi\u00e9geant la chaleur et provoquant le r\u00e9chauffement de la plan\u00e8te, un processus appel\u00e9 effet de serre.<\/p>\n\n\n\n<p>Il est important de reconna\u00eetre que l&rsquo;effet de serre est vital pour la vie sur la plan\u00e8te. Sans lui, les temp\u00e9ratures seraient extr\u00eamement basses et la survie humaine serait impossible. Mais, en \u00e9mettant des gaz \u00e0 effet de serre suppl\u00e9mentaires dans l&rsquo;atmosph\u00e8re, les humains ont intensifi\u00e9 l&rsquo;effet de serre.<\/p>\n\n\n\n<p>L&rsquo;\u00e9paisseur de la couverture de gaz \u00e0 effet de serre a augment\u00e9. Cela a entra\u00een\u00e9 une absorption accrue des rayonnements infrarouges et une contribution plus importante \u00e0 l&rsquo;effet de serre. Au lieu de maintenir une temp\u00e9rature stable, cette am\u00e9lioration provoque une hausse des temp\u00e9ratures de la Terre.<\/p>\n\n\n\n<h3 class=\"wp-block-heading\" id=\"h-d-ou-viennent-les-gaz-a-effet-de-serre\"><strong>D&rsquo;o\u00f9 viennent les gaz \u00e0 effet de serre ?<\/strong><\/h3>\n\n\n\n<p>Un quart des gaz \u00e0 effet de serre \u00e9mis par les activit\u00e9s humaines provient de la combustion des combustibles fossiles \u00e0 des fins d&rsquo;\u00e9lectricit\u00e9 et de chauffage.<\/p>\n\n\n\n<p>Environ 25&nbsp;% des \u00e9missions de gaz \u00e0 effet de serre g\u00e9n\u00e9r\u00e9es par l&rsquo;homme sont attribu\u00e9es aux pratiques agricoles, foresti\u00e8res et d&rsquo;utilisation des terres.<\/p>\n\n\n\n<p>D\u00e9forestation, qui est effectu\u00e9e pour faire de la place pour des terres agricoles et des animaux d&rsquo;\u00e9levage, est un autre contributeur \u00e0 l&rsquo;augmentation du dioxyde de carbone atmosph\u00e9rique. C&rsquo;est parce que les for\u00eats jouent un r\u00f4le crucial dans l&rsquo;absorption et l&rsquo;\u00e9limination du dioxyde de carbone de l&rsquo;atmosph\u00e8re, de sorte que leur suppression entra\u00eene une hausse du dioxyde de carbone atmosph\u00e9rique.<\/p>\n\n\n\n<p>L&rsquo;\u00e9levage d&rsquo;animaux, comme les vaches pour la viande et le lait, est une autre utilisation des terres qui contribue aux \u00e9missions de gaz \u00e0 effet de serre. Ces animaux lib\u00e8rent du m\u00e9thane. De plus, le besoin de les nourrir entra\u00eene souvent l&rsquo;\u00e9claircie de terres suppl\u00e9mentaires, ce qui entra\u00eene encore plus d&rsquo;\u00e9missions.<\/p>\n\n\n\n<figure class=\"wp-block-image size-large wp-block-size-large\"><img loading=\"lazy\" decoding=\"async\" width=\"1024\" height=\"683\" src=\"https:\/\/endorfeen.com\/wp-content\/uploads\/2023\/02\/antonio-grosz-zrLgscLqmsY-unsplash-1024x683.jpg\" alt=\" class=\" class=\"wp-image-9804\" srcset=\"https:\/\/endorfeen.com\/wp-content\/uploads\/2023\/02\/antonio-grosz-zrLgscLqmsY-unsplash-300x200.jpg 300w, https:\/\/endorfeen.com\/wp-content\/uploads\/2023\/02\/antonio-grosz-zrLgscLqmsY-unsplash-600x400.jpg 600w, https:\/\/endorfeen.com\/wp-content\/uploads\/2023\/02\/antonio-grosz-zrLgscLqmsY-unsplash-768x512.jpg 768w, https:\/\/endorfeen.com\/wp-content\/uploads\/2023\/02\/antonio-grosz-zrLgscLqmsY-unsplash-1024x683.jpg 1024w, https:\/\/endorfeen.com\/wp-content\/uploads\/2023\/02\/antonio-grosz-zrLgscLqmsY-unsplash-1536x1024.jpg 1536w, https:\/\/endorfeen.com\/wp-content\/uploads\/2023\/02\/antonio-grosz-zrLgscLqmsY-unsplash-scaled.jpg 2048w\" sizes=\"auto, (max-width: 1024px) 100vw, 1024px\" \/><figcaption class=\"wp-element-caption\">Photo par <a href=\"https:\/\/unsplash.com\/@angro?utm_source=unsplash&amp;utm_medium=referral&amp;utm_content=creditCopyText\">Antonio Grosz<\/a><\/figcaption><\/figure>\n\n\n\n<p>D&rsquo;autres sources d&rsquo;\u00e9missions de dioxyde de carbone sont les avions et la fabrication du ciment.<\/p>\n\n\n\n<h2 class=\"wp-block-heading\" id=\"h-impacts-des-changements-climatiques\"><strong>Impacts des changements climatiques<\/strong><\/h2>\n\n\n\n<h3 class=\"wp-block-heading\" id=\"h-aspects-generaux\"><strong>Aspects g\u00e9n\u00e9raux<\/strong><\/h3>\n\n\n\n<p>Activit\u00e9 humaine, y compris l&rsquo;\u00e9mission de gaz \u00e0 effet de serre et d&rsquo;a\u00e9rosols et les changements d&rsquo;utilisation des terres, est la principale cause du changement climatique et de ses impacts sur le syst\u00e8me climatique, les \u00e9cosyst\u00e8mes et les populations humaines.<\/p>\n\n\n\n<h4 class=\"wp-block-heading\"><strong>Les impacts du changement climatique sont \u00e9vidents dans plusieurs domaines, notamment les modifications du syst\u00e8me climatique :<\/strong><\/h4>\n\n\n\n<ul class=\"wp-block-list\">\n<li><strong>Augmentation du niveau de la mer<\/strong>. Le r\u00e9chauffement climatique fait fondre les glaciers et les calottes glaciaires. Ce processus ajoute plus d&rsquo;eau aux oc\u00e9ans, ce qui fait monter le niveau de la mer. <a href=\"https:\/\/climate.nasa.gov\/vital-signs\/ocean-warming\/#:~:text=Covering%20more%20than%2070%25%20of,heat%20as%20Earth's%20entire%20atmosphere.\" target=\"_blank\" rel=\"noreferrer noopener\">Les oc\u00e9ans absorbent la majorit\u00e9 (90 %) de la chaleur exc\u00e9dentaire due au changement climatique<\/a>, et en cons\u00e9quence, l&rsquo;eau plus chaude occupe plus d&rsquo;espace.<\/li>\n\n\n\n<li><strong>Acidification oc\u00e9anique<\/strong>. Lorsque l&rsquo;oc\u00e9an absorbe du dioxyde de carbone, il devient plus acide, un ph\u00e9nom\u00e8ne connu sous le nom d&rsquo;acidification oc\u00e9anique, \u00e9galement connu sous le nom de \u00abdouble mal\u00e9diction\u00bb du changement climatique.<\/li>\n\n\n\n<li><strong>\u00c9v\u00e9nements m\u00e9t\u00e9orologiques fr\u00e9quents et s\u00e9v\u00e8res<\/strong>. Les changements climatiques entra\u00eenent une augmentation de l&rsquo;intensit\u00e9 et de la fr\u00e9quence des \u00e9v\u00e9nements m\u00e9t\u00e9orologiques extr\u00eames tels que les vagues de chaleur, les s\u00e9cheresses et les inondations.<\/li>\n<\/ul>\n\n\n\n<h4 class=\"wp-block-heading\">Changement climatique a un impact sur les vies humaines et l&rsquo;environnement. Quelques exemples incluent :<\/h4>\n\n\n\n<ul class=\"wp-block-list\">\n<li><strong>Inondations dans les zones c\u00f4ti\u00e8res<\/strong>. Les villes c\u00f4ti\u00e8res sont en danger d&rsquo;inondation alors que les niveaux de la mer continuent de monter.<\/li>\n\n\n\n<li><strong>P\u00e9nurie alimentaire<\/strong>. Les temp\u00e9ratures \u00e9lev\u00e9es, les conditions m\u00e9t\u00e9orologiques extr\u00eames, les inondations et les s\u00e9cheresses peuvent endommager les terres agricoles, rendant difficile pour les agriculteurs de cultiver des cultures, entra\u00eenant une incertitude dans leurs rendements annuels.<\/li>\n\n\n\n<li><strong>Conflit et migration<\/strong>. Les changements climatiques peuvent intensifier des probl\u00e8mes existants tels que la p\u00e9nurie de nourriture ou d&rsquo;abri et les aggraver, entra\u00eenant des conflits sur les ressources ou la migration.<\/li>\n\n\n\n<li><strong>Impact sur la vie marine<\/strong>. Les temp\u00e9ratures de l&rsquo;oc\u00e9an en hausse, l&rsquo;acidification des oc\u00e9ans et les faibles niveaux d&rsquo;oxyg\u00e8ne dans l&rsquo;oc\u00e9an nuisent aux organismes marins tels que les poissons et les r\u00e9cifs coralliens.<\/li>\n<\/ul>\n\n\n\n<h3 class=\"wp-block-heading\" id=\"h-le-changement-climatique-a-des-impacts-differents-sur-les-individus\">Le changement climatique a des impacts diff\u00e9rents sur les individus.<\/h3>\n\n\n\n<p>Le changement climatique a des impacts sur les personnes de diff\u00e9rentes mani\u00e8res, y compris la sant\u00e9, la production alimentaire, le logement, la s\u00e9curit\u00e9 et l&#8217;emploi. Certaines populations, telles que celles des petites \u00eeles et des pays en d\u00e9veloppement, sont d\u00e9j\u00e0 plus vuln\u00e9rables aux impacts du changement climatique. Lorsque le niveau de la mer monte, cela oblige des communaut\u00e9s enti\u00e8res \u00e0 se relocaliser. Les s\u00e9cheresses plus fr\u00e9quentes, parall\u00e8lement, augmentent le risque de famine. En cons\u00e9quence, le nombre de \u00abr\u00e9fugi\u00e9s climatiques\u00bb devrait augmenter \u00e0 l&rsquo;avenir.<\/p>\n\n\n\n<h2 class=\"wp-block-heading\" id=\"h-chaque-hausse-des-temperatures-mondiales-a-un-impact-significatif\">Chaque hausse des temp\u00e9ratures mondiales a un impact significatif.<\/h2>\n\n\n\n<p>Selon de nombreux rapports des Nations Unies, des scientifiques et des examinateurs gouvernementaux ont convenu que limiter l&rsquo;augmentation de la temp\u00e9rature mondiale \u00e0 1,5\u00b0C r\u00e9duirait la gravit\u00e9 des impacts climatiques et maintiendrait un environnement habitable.<\/p>\n\n\n\n<p>Cependant, les politiques actuelles pr\u00e9voient une hausse de la temp\u00e9rature de 2,8\u00b0C d&rsquo;ici la fin du si\u00e8cle. Bien que les \u00e9missions qui causent le changement climatique proviennent de partout dans le monde et affectent tout le monde, certaines pays \u00e9mettent beaucoup plus que d&rsquo;autres.<\/p>\n\n\n\n<p>Les 100 pays qui \u00e9mettent le moins ne contribuent qu&rsquo;\u00e0 3 % des \u00e9missions totales. En opposition, les dix plus grands \u00e9metteurs contribuent \u00e0 68 %. Malgr\u00e9 cela, tout le monde doit agir contre le changement climatique, mais ceux qui sont responsables de cr\u00e9er une plus grande partie du probl\u00e8me ont une plus grande obligation d&rsquo;agir en premier.<\/p>\n\n\n\n<h2 class=\"wp-block-heading\" id=\"h-le-defi-que-nous-affrontons-est-considerable-mais-il-existe-deja-des-solutions\"><strong>Le d\u00e9fi que nous affrontons est consid\u00e9rable, mais il existe d\u00e9j\u00e0 des solutions.<\/strong><\/h2>\n\n\n\n<h3 class=\"wp-block-heading\" id=\"h-les-principaux-elements-a-prendre-en-compte\">Les principaux \u00e9l\u00e9ments \u00e0 prendre en compte<\/h3>\n\n\n\n<p>Les solutions pour lutter contre le changement climatique peuvent apporter des gains \u00e9conomiques et am\u00e9liorer notre qualit\u00e9 de vie tout en pr\u00e9servant l&rsquo;environnement. Il existe des cadres et des pactes internationaux qui fournissent une direction pour le progr\u00e8s. Les Objectifs de d\u00e9veloppement durable, la Convention-cadre des Nations Unies sur les changements climatiques et l&rsquo;Accord de Paris en font partie. Les trois principaux domaines d&rsquo;action sont la r\u00e9duction des \u00e9missions, la pr\u00e9paration aux effets du changement climatique et le financement des changements n\u00e9cessaires.<\/p>\n\n\n\n<p>Pour r\u00e9duire les \u00e9missions contribuant au changement climatique, il est important de passer des combustibles fossiles aux sources renouvelables telles que l&rsquo;\u00e9olien ou le solaire. Nous avons besoin d&rsquo;une action imm\u00e9diate; le temps presse. Plusieurs pays se sont d\u00e9j\u00e0 engag\u00e9s \u00e0 atteindre une \u00e9mission nette z\u00e9ro d&rsquo;ici 2050. Cependant, des r\u00e9ductions consid\u00e9rables doivent \u00eatre r\u00e9alis\u00e9es d&rsquo;ici 2030 afin de limiter le r\u00e9chauffement climatique \u00e0 1,5\u00b0C. Il est n\u00e9cessaire de r\u00e9duire la production de combustibles fossiles d&rsquo;environ 6 % par an entre 2020 et 2030.<\/p>\n\n\n\n<p>Pr\u00e9parer pour les effets du changement climatique est essentiel pour prot\u00e9ger les individus, les maisons, les entreprises, les emplois, l&rsquo;infrastructure et les \u00e9cosyst\u00e8mes. Cela implique de s&rsquo;attaquer \u00e0 la fois aux impacts actuels et futurs. Des efforts d&rsquo;adaptation sont n\u00e9cessaires partout dans le monde, mais la priorit\u00e9 doit \u00eatre donn\u00e9e \u00e0 ceux qui sont les plus vuln\u00e9rables et qui ont des ressources limit\u00e9es pour faire face aux risques climatiques. L&rsquo;investissement dans l&rsquo;adaptation peut rapporter de grands b\u00e9n\u00e9fices. Par exemple, les syst\u00e8mes d&rsquo;alerte pr\u00e9coce des catastrophes peuvent sauver des vies et des actifs, et les b\u00e9n\u00e9fices peuvent \u00eatre jusqu&rsquo;\u00e0 dix fois le montant initial de l&rsquo;investissement.<\/p>\n\n\n\n<h3 class=\"wp-block-heading\" id=\"h-les-accords-de-paris-et-les-objectifs-de-temperature-mondiaux\">Les Accords de Paris et les objectifs de temp\u00e9rature mondiaux<\/h3>\n\n\n\n<p>En 2015, presque toutes les nations du monde ont fait un engagement pour r\u00e9duire leurs \u00e9missions de gaz \u00e0 effet de serre en signant un accord mondial. L&rsquo;objectif \u00e9tait de maintenir la temp\u00e9rature moyenne mondiale \u00e0 moins de 2\u00b0C au-dessus des niveaux pr\u00e9industriels, avec un objectif id\u00e9al de limiter \u00e0 1,5\u00b0C.<\/p>\n\n\n\n<p>Depuis la signature du document promettant de r\u00e9duire les \u00e9missions de gaz \u00e0 effet de serre, le GIEC a publi\u00e9 un rapport. Le rapport d\u00e9crit les diff\u00e9rences d&rsquo;impact entre une hausse de temp\u00e9rature de 1,5\u00b0C et 2\u00b0C. L&rsquo;\u00e9tude met en \u00e9vidence de nombreux avantages pour les personnes \u00e0 l&rsquo;\u00e9chelle mondiale si les temp\u00e9ratures sont maintenues \u00e0 la limite inf\u00e9rieure de 1,5\u00b0C, mais des r\u00e9ductions importantes et rapides des \u00e9missions mondiales de gaz \u00e0 effet de serre sont n\u00e9cessaires pour atteindre cet objectif.<\/p>\n\n\n\n<p>Si nous voulons pr\u00e9venir des hausses significatives de la temp\u00e9rature mondiale, nous devons r\u00e9duire la quantit\u00e9 de gaz \u00e0 effet de serre que nous produisons et passer \u00e0 des sources d&rsquo;\u00e9nergie renouvelables. De plus, nous devons g\u00e9rer les ressources terrestres plus efficacement et devrons peut-\u00eatre recourir \u00e0 des techniques qui retirent le CO2 de l&rsquo;atmosph\u00e8re.<\/p>\n\n\n\n<p>Si le taux actuel de combustion des combustibles fossiles et de d\u00e9forestation se poursuit, la plan\u00e8te pourrait conna\u00eetre un r\u00e9chauffement de plus de 4\u00b0C d&rsquo;ici 2100. Un tel niveau de r\u00e9chauffement pourrait avoir un impact profond sur la vie sur terre et entra\u00eener des cons\u00e9quences importantes.<\/p>\n\n\n\n<h2 class=\"wp-block-heading\" id=\"h-nous-avons-l-option-de-subir-des-couts-maintenant-ou-de-faire-face-a-des-depenses-beaucoup-plus-importantes-a-l-avenir\">Nous avons l&rsquo;option de subir des co\u00fbts maintenant ou de faire face \u00e0 des d\u00e9penses beaucoup plus importantes \u00e0 l&rsquo;avenir.<\/h2>\n\n\n\n<p>Prendre des mesures pour lutter contre le changement climatique n\u00e9cessite des engagements financiers importants de la part des gouvernements et des entreprises. Cependant, ne pas agir finira par co\u00fbter beaucoup plus cher.<\/p>\n\n\n\n<p>Il est important que les nations industrialis\u00e9es tiennent leurs promesses et fournissent chaque ann\u00e9e 100 milliards de dollars aux pays en d\u00e9veloppement pour soutenir leur transition vers des \u00e9conomies plus respectueuses de l&rsquo;environnement et les aider \u00e0 s&rsquo;adapter aux impacts du changement climatique.<\/p>\n","protected":false},"excerpt":{"rendered":"<p>Quelle est la d\u00e9finition simple du changement climatique ? Le changement climatique est un changement des mod\u00e8les et des temp\u00e9ratures moyennes du temps. Les causes naturelles incluent des fluctuations de l&rsquo;\u00e9nergie solaire. Cependant, depuis le 19\u00e8me si\u00e8cle, la principale cause du changement climatique est li\u00e9e aux activit\u00e9s humaines, en particulier \u00e0 la combustion des combustibles &hellip;<\/p>\n","protected":false},"author":30,"featured_media":9799,"comment_status":"closed","ping_status":"closed","sticky":false,"template":"","format":"standard","meta":{"_acf_changed":false,"_genesis_hide_title":false,"_genesis_hide_breadcrumbs":false,"_genesis_hide_singular_image":false,"_genesis_hide_footer_widgets":false,"_genesis_custom_body_class":"","_genesis_custom_post_class":"","_genesis_layout":"","footnotes":""},"categories":[261,610],"tags":[262],"sponsor":[1087],"class_list":{"2":"type-post","7":"category-durabilite","8":"category-terre","9":"tag-climat","10":"sponsor-endorfeen","11":"entry"},"yoast_head":"<!-- This site is optimized with the Yoast SEO Premium plugin v26.2 (Yoast SEO v26.2) - https:\/\/yoast.com\/wordpress\/plugins\/seo\/ -->\n<title>Qu&#039;est-ce que le changement climatique ? - endorfeen<\/title>\n<meta name=\"description\" content=\"Qu&#039;est-ce que le changement climatique ? Le changement climatique fait r\u00e9f\u00e9rence \u00e0 un changement des mod\u00e8les m\u00e9t\u00e9orologiques et des te...\" \/>\n<meta name=\"robots\" content=\"index, follow, max-snippet:-1, max-image-preview:large, max-video-preview:-1\" \/>\n<link rel=\"canonical\" href=\"https:\/\/endorfeen.com\/fr\/quest-ce-que-le-changement-climatique\/\" \/>\n<meta property=\"og:locale\" content=\"fr_FR\" \/>\n<meta property=\"og:type\" content=\"article\" \/>\n<meta property=\"og:title\" content=\"Qu&#039;est-ce que le changement climatique ?\" \/>\n<meta property=\"og:description\" content=\"Qu&#039;est-ce que le changement climatique ? Le changement climatique fait r\u00e9f\u00e9rence \u00e0 un changement des mod\u00e8les m\u00e9t\u00e9orologiques et des te...\" \/>\n<meta property=\"og:url\" content=\"https:\/\/endorfeen.com\/fr\/quest-ce-que-le-changement-climatique\/\" \/>\n<meta property=\"og:site_name\" content=\"endorfeen\" \/>\n<meta property=\"article:author\" content=\"http:\/\/www.facebook.com\/endorfeen-583261049007200\" \/>\n<meta property=\"article:published_time\" content=\"2023-03-04T08:00:00+00:00\" \/>\n<meta property=\"article:modified_time\" content=\"2023-08-18T10:02:16+00:00\" \/>\n<meta property=\"og:image\" content=\"https:\/\/endorfeen.com\/wp-content\/uploads\/2023\/02\/markus-spiske-TknRspuNTJs-unsplash-scaled.jpg\" \/>\n\t<meta property=\"og:image:width\" content=\"2560\" \/>\n\t<meta property=\"og:image:height\" content=\"1707\" \/>\n\t<meta property=\"og:image:type\" content=\"image\/jpeg\" \/>\n<meta name=\"author\" content=\"Thomas Viguier\" \/>\n<meta name=\"twitter:card\" content=\"summary_large_image\" \/>\n<meta name=\"twitter:creator\" content=\"@https:\/\/twitter.com\/endorfeen_\" \/>\n<meta name=\"twitter:label1\" content=\"\u00c9crit par\" \/>\n\t<meta name=\"twitter:data1\" content=\"Thomas Viguier\" \/>\n\t<meta name=\"twitter:label2\" content=\"Dur\u00e9e de lecture estim\u00e9e\" \/>\n\t<meta name=\"twitter:data2\" content=\"11 minutes\" \/>\n<script type=\"application\/ld+json\" class=\"yoast-schema-graph\">{\"@context\":\"https:\/\/schema.org\",\"@graph\":[{\"@type\":\"Article\",\"@id\":\"https:\/\/endorfeen.com\/fr\/quest-ce-que-le-changement-climatique\/#article\",\"isPartOf\":{\"@id\":\"https:\/\/endorfeen.com\/fr\/quest-ce-que-le-changement-climatique\/\"},\"author\":{\"name\":\"Thomas Viguier\",\"@id\":\"https:\/\/endorfeen.com\/fr\/#\/schema\/person\/76a61f8eb41d36fffdec1b376fcf19aa\"},\"headline\":\"Qu&rsquo;est-ce que le changement climatique ?\",\"datePublished\":\"2023-03-04T08:00:00+00:00\",\"dateModified\":\"2023-08-18T10:02:16+00:00\",\"mainEntityOfPage\":{\"@id\":\"https:\/\/endorfeen.com\/fr\/quest-ce-que-le-changement-climatique\/\"},\"wordCount\":2673,\"publisher\":{\"@id\":\"https:\/\/endorfeen.com\/fr\/#organization\"},\"image\":{\"@id\":\"https:\/\/endorfeen.com\/fr\/quest-ce-que-le-changement-climatique\/#primaryimage\"},\"thumbnailUrl\":\"https:\/\/endorfeen.com\/wp-content\/uploads\/2023\/02\/markus-spiske-TknRspuNTJs-unsplash-scaled.jpg\",\"keywords\":[\"#climat\"],\"articleSection\":[\"Durabilit\u00e9\",\"Terre\"],\"inLanguage\":\"fr-FR\"},{\"@type\":\"WebPage\",\"@id\":\"https:\/\/endorfeen.com\/fr\/quest-ce-que-le-changement-climatique\/\",\"url\":\"https:\/\/endorfeen.com\/fr\/quest-ce-que-le-changement-climatique\/\",\"name\":\"Qu'est-ce que le changement climatique ? - endorfeen\",\"isPartOf\":{\"@id\":\"https:\/\/endorfeen.com\/fr\/#website\"},\"primaryImageOfPage\":{\"@id\":\"https:\/\/endorfeen.com\/fr\/quest-ce-que-le-changement-climatique\/#primaryimage\"},\"image\":{\"@id\":\"https:\/\/endorfeen.com\/fr\/quest-ce-que-le-changement-climatique\/#primaryimage\"},\"thumbnailUrl\":\"https:\/\/endorfeen.com\/wp-content\/uploads\/2023\/02\/markus-spiske-TknRspuNTJs-unsplash-scaled.jpg\",\"datePublished\":\"2023-03-04T08:00:00+00:00\",\"dateModified\":\"2023-08-18T10:02:16+00:00\",\"description\":\"Qu'est-ce que le changement climatique ? Le changement climatique fait r\u00e9f\u00e9rence \u00e0 un changement des mod\u00e8les m\u00e9t\u00e9orologiques et des te...\",\"breadcrumb\":{\"@id\":\"https:\/\/endorfeen.com\/fr\/quest-ce-que-le-changement-climatique\/#breadcrumb\"},\"inLanguage\":\"fr-FR\",\"potentialAction\":[{\"@type\":\"ReadAction\",\"target\":[\"https:\/\/endorfeen.com\/fr\/quest-ce-que-le-changement-climatique\/\"]}]},{\"@type\":\"ImageObject\",\"inLanguage\":\"fr-FR\",\"@id\":\"https:\/\/endorfeen.com\/fr\/quest-ce-que-le-changement-climatique\/#primaryimage\",\"url\":\"https:\/\/endorfeen.com\/wp-content\/uploads\/2023\/02\/markus-spiske-TknRspuNTJs-unsplash-scaled.jpg\",\"contentUrl\":\"https:\/\/endorfeen.com\/wp-content\/uploads\/2023\/02\/markus-spiske-TknRspuNTJs-unsplash-scaled.jpg\",\"width\":2560,\"height\":1707,\"caption\":\"Photo by Markus Spiske\"},{\"@type\":\"BreadcrumbList\",\"@id\":\"https:\/\/endorfeen.com\/fr\/quest-ce-que-le-changement-climatique\/#breadcrumb\",\"itemListElement\":[{\"@type\":\"ListItem\",\"position\":1,\"name\":\"Home\",\"item\":\"https:\/\/endorfeen.com\/fr\/\"},{\"@type\":\"ListItem\",\"position\":2,\"name\":\"Qu&#8217;est-ce que le changement climatique ?\"}]},{\"@type\":\"WebSite\",\"@id\":\"https:\/\/endorfeen.com\/fr\/#website\",\"url\":\"https:\/\/endorfeen.com\/fr\/\",\"name\":\"endorfeen\",\"description\":\"The Media For Sustainable Outdoors.\",\"publisher\":{\"@id\":\"https:\/\/endorfeen.com\/fr\/#organization\"},\"potentialAction\":[{\"@type\":\"SearchAction\",\"target\":{\"@type\":\"EntryPoint\",\"urlTemplate\":\"https:\/\/endorfeen.com\/fr\/?s={search_term_string}\"},\"query-input\":{\"@type\":\"PropertyValueSpecification\",\"valueRequired\":true,\"valueName\":\"search_term_string\"}}],\"inLanguage\":\"fr-FR\"},{\"@type\":\"Organization\",\"@id\":\"https:\/\/endorfeen.com\/fr\/#organization\",\"name\":\"endorfeen\",\"url\":\"https:\/\/endorfeen.com\/fr\/\",\"logo\":{\"@type\":\"ImageObject\",\"inLanguage\":\"fr-FR\",\"@id\":\"https:\/\/endorfeen.com\/fr\/#\/schema\/logo\/image\/\",\"url\":\"https:\/\/endorfeen.com\/wp-content\/uploads\/2022\/06\/Circle-endorfeen-site-icon-circled-1000-x-1000-300psi.png\",\"contentUrl\":\"https:\/\/endorfeen.com\/wp-content\/uploads\/2022\/06\/Circle-endorfeen-site-icon-circled-1000-x-1000-300psi.png\",\"width\":1000,\"height\":1000,\"caption\":\"endorfeen\"},\"image\":{\"@id\":\"https:\/\/endorfeen.com\/fr\/#\/schema\/logo\/image\/\"}},{\"@type\":\"Person\",\"@id\":\"https:\/\/endorfeen.com\/fr\/#\/schema\/person\/76a61f8eb41d36fffdec1b376fcf19aa\",\"name\":\"Thomas Viguier\",\"image\":{\"@type\":\"ImageObject\",\"inLanguage\":\"fr-FR\",\"@id\":\"https:\/\/endorfeen.com\/fr\/#\/schema\/person\/image\/\",\"url\":\"https:\/\/secure.gravatar.com\/avatar\/3c24e541f6f82c052219429c60a8948b1c9ad8eda6daf26af0a100594146ab1a?s=96&d=mm&r=g\",\"contentUrl\":\"https:\/\/secure.gravatar.com\/avatar\/3c24e541f6f82c052219429c60a8948b1c9ad8eda6daf26af0a100594146ab1a?s=96&d=mm&r=g\",\"caption\":\"Thomas Viguier\"},\"description\":\"Everyone has a story to tell. endorfeen is built as a collaborative platform, giving the voice to anyone with a story to tell. If you have things you want to share, register here.\",\"sameAs\":[\"https:\/\/www.endorfeen.com\/\",\"http:\/\/www.facebook.com\/endorfeen-583261049007200\",\"http:\/\/www.instagram.com\/endorfeen_\/\",\"https:\/\/fi.pinterest.com\/endorfeen_\/\",\"https:\/\/x.com\/https:\/\/twitter.com\/endorfeen_\"],\"url\":\"https:\/\/endorfeen.com\/fr\/linkto\/endorfeen-mag\/\"}]}<\/script>\n<!-- \/ Yoast SEO Premium plugin. -->","yoast_head_json":{"title":"Qu'est-ce que le changement climatique ? - endorfeen","description":"Qu'est-ce que le changement climatique ? Le changement climatique fait r\u00e9f\u00e9rence \u00e0 un changement des mod\u00e8les m\u00e9t\u00e9orologiques et des te...","robots":{"index":"index","follow":"follow","max-snippet":"max-snippet:-1","max-image-preview":"max-image-preview:large","max-video-preview":"max-video-preview:-1"},"canonical":"https:\/\/endorfeen.com\/fr\/quest-ce-que-le-changement-climatique\/","og_locale":"fr_FR","og_type":"article","og_title":"Qu'est-ce que le changement climatique ?","og_description":"Qu'est-ce que le changement climatique ? Le changement climatique fait r\u00e9f\u00e9rence \u00e0 un changement des mod\u00e8les m\u00e9t\u00e9orologiques et des te...","og_url":"https:\/\/endorfeen.com\/fr\/quest-ce-que-le-changement-climatique\/","og_site_name":"endorfeen","article_author":"http:\/\/www.facebook.com\/endorfeen-583261049007200","article_published_time":"2023-03-04T08:00:00+00:00","article_modified_time":"2023-08-18T10:02:16+00:00","og_image":[{"width":2560,"height":1707,"url":"https:\/\/endorfeen.com\/wp-content\/uploads\/2023\/02\/markus-spiske-TknRspuNTJs-unsplash-scaled.jpg","type":"image\/jpeg"}],"author":"Thomas Viguier","twitter_card":"summary_large_image","twitter_creator":"@https:\/\/twitter.com\/endorfeen_","twitter_misc":{"\u00c9crit par":"Thomas Viguier","Dur\u00e9e de lecture estim\u00e9e":"11 minutes"},"schema":{"@context":"https:\/\/schema.org","@graph":[{"@type":"Article","@id":"https:\/\/endorfeen.com\/fr\/quest-ce-que-le-changement-climatique\/#article","isPartOf":{"@id":"https:\/\/endorfeen.com\/fr\/quest-ce-que-le-changement-climatique\/"},"author":{"name":"Thomas Viguier","@id":"https:\/\/endorfeen.com\/fr\/#\/schema\/person\/76a61f8eb41d36fffdec1b376fcf19aa"},"headline":"Qu&rsquo;est-ce que le changement climatique ?","datePublished":"2023-03-04T08:00:00+00:00","dateModified":"2023-08-18T10:02:16+00:00","mainEntityOfPage":{"@id":"https:\/\/endorfeen.com\/fr\/quest-ce-que-le-changement-climatique\/"},"wordCount":2673,"publisher":{"@id":"https:\/\/endorfeen.com\/fr\/#organization"},"image":{"@id":"https:\/\/endorfeen.com\/fr\/quest-ce-que-le-changement-climatique\/#primaryimage"},"thumbnailUrl":"https:\/\/endorfeen.com\/wp-content\/uploads\/2023\/02\/markus-spiske-TknRspuNTJs-unsplash-scaled.jpg","keywords":["#climat"],"articleSection":["Durabilit\u00e9","Terre"],"inLanguage":"fr-FR"},{"@type":"WebPage","@id":"https:\/\/endorfeen.com\/fr\/quest-ce-que-le-changement-climatique\/","url":"https:\/\/endorfeen.com\/fr\/quest-ce-que-le-changement-climatique\/","name":"Qu'est-ce que le changement climatique ? - endorfeen","isPartOf":{"@id":"https:\/\/endorfeen.com\/fr\/#website"},"primaryImageOfPage":{"@id":"https:\/\/endorfeen.com\/fr\/quest-ce-que-le-changement-climatique\/#primaryimage"},"image":{"@id":"https:\/\/endorfeen.com\/fr\/quest-ce-que-le-changement-climatique\/#primaryimage"},"thumbnailUrl":"https:\/\/endorfeen.com\/wp-content\/uploads\/2023\/02\/markus-spiske-TknRspuNTJs-unsplash-scaled.jpg","datePublished":"2023-03-04T08:00:00+00:00","dateModified":"2023-08-18T10:02:16+00:00","description":"Qu'est-ce que le changement climatique ? Le changement climatique fait r\u00e9f\u00e9rence \u00e0 un changement des mod\u00e8les m\u00e9t\u00e9orologiques et des te...","breadcrumb":{"@id":"https:\/\/endorfeen.com\/fr\/quest-ce-que-le-changement-climatique\/#breadcrumb"},"inLanguage":"fr-FR","potentialAction":[{"@type":"ReadAction","target":["https:\/\/endorfeen.com\/fr\/quest-ce-que-le-changement-climatique\/"]}]},{"@type":"ImageObject","inLanguage":"fr-FR","@id":"https:\/\/endorfeen.com\/fr\/quest-ce-que-le-changement-climatique\/#primaryimage","url":"https:\/\/endorfeen.com\/wp-content\/uploads\/2023\/02\/markus-spiske-TknRspuNTJs-unsplash-scaled.jpg","contentUrl":"https:\/\/endorfeen.com\/wp-content\/uploads\/2023\/02\/markus-spiske-TknRspuNTJs-unsplash-scaled.jpg","width":2560,"height":1707,"caption":"Photo by Markus Spiske"},{"@type":"BreadcrumbList","@id":"https:\/\/endorfeen.com\/fr\/quest-ce-que-le-changement-climatique\/#breadcrumb","itemListElement":[{"@type":"ListItem","position":1,"name":"Home","item":"https:\/\/endorfeen.com\/fr\/"},{"@type":"ListItem","position":2,"name":"Qu&#8217;est-ce que le changement climatique ?"}]},{"@type":"WebSite","@id":"https:\/\/endorfeen.com\/fr\/#website","url":"https:\/\/endorfeen.com\/fr\/","name":"endorfeen","description":"The Media For Sustainable Outdoors.","publisher":{"@id":"https:\/\/endorfeen.com\/fr\/#organization"},"potentialAction":[{"@type":"SearchAction","target":{"@type":"EntryPoint","urlTemplate":"https:\/\/endorfeen.com\/fr\/?s={search_term_string}"},"query-input":{"@type":"PropertyValueSpecification","valueRequired":true,"valueName":"search_term_string"}}],"inLanguage":"fr-FR"},{"@type":"Organization","@id":"https:\/\/endorfeen.com\/fr\/#organization","name":"endorfeen","url":"https:\/\/endorfeen.com\/fr\/","logo":{"@type":"ImageObject","inLanguage":"fr-FR","@id":"https:\/\/endorfeen.com\/fr\/#\/schema\/logo\/image\/","url":"https:\/\/endorfeen.com\/wp-content\/uploads\/2022\/06\/Circle-endorfeen-site-icon-circled-1000-x-1000-300psi.png","contentUrl":"https:\/\/endorfeen.com\/wp-content\/uploads\/2022\/06\/Circle-endorfeen-site-icon-circled-1000-x-1000-300psi.png","width":1000,"height":1000,"caption":"endorfeen"},"image":{"@id":"https:\/\/endorfeen.com\/fr\/#\/schema\/logo\/image\/"}},{"@type":"Person","@id":"https:\/\/endorfeen.com\/fr\/#\/schema\/person\/76a61f8eb41d36fffdec1b376fcf19aa","name":"Thomas Viguier","image":{"@type":"ImageObject","inLanguage":"fr-FR","@id":"https:\/\/endorfeen.com\/fr\/#\/schema\/person\/image\/","url":"https:\/\/secure.gravatar.com\/avatar\/3c24e541f6f82c052219429c60a8948b1c9ad8eda6daf26af0a100594146ab1a?s=96&d=mm&r=g","contentUrl":"https:\/\/secure.gravatar.com\/avatar\/3c24e541f6f82c052219429c60a8948b1c9ad8eda6daf26af0a100594146ab1a?s=96&d=mm&r=g","caption":"Thomas Viguier"},"description":"Everyone has a story to tell. endorfeen is built as a collaborative platform, giving the voice to anyone with a story to tell. If you have things you want to share, register here.","sameAs":["https:\/\/www.endorfeen.com\/","http:\/\/www.facebook.com\/endorfeen-583261049007200","http:\/\/www.instagram.com\/endorfeen_\/","https:\/\/fi.pinterest.com\/endorfeen_\/","https:\/\/x.com\/https:\/\/twitter.com\/endorfeen_"],"url":"https:\/\/endorfeen.com\/fr\/linkto\/endorfeen-mag\/"}]}},"featured_image_src":"https:\/\/endorfeen.com\/wp-content\/uploads\/2023\/02\/markus-spiske-TknRspuNTJs-unsplash-600x400.jpg","featured_image_src_square":"https:\/\/endorfeen.com\/wp-content\/uploads\/2023\/02\/markus-spiske-TknRspuNTJs-unsplash-600x600.jpg","author_info":{"display_name":"Thomas Viguier","author_link":"https:\/\/endorfeen.com\/fr\/linkto\/endorfeen-mag\/"},"acf":[],"_links":{"self":[{"href":"https:\/\/endorfeen.com\/fr\/wp-json\/wp\/v2\/posts\/10131","targetHints":{"allow":["GET"]}}],"collection":[{"href":"https:\/\/endorfeen.com\/fr\/wp-json\/wp\/v2\/posts"}],"about":[{"href":"https:\/\/endorfeen.com\/fr\/wp-json\/wp\/v2\/types\/post"}],"author":[{"embeddable":true,"href":"https:\/\/endorfeen.com\/fr\/wp-json\/wp\/v2\/users\/30"}],"replies":[{"embeddable":true,"href":"https:\/\/endorfeen.com\/fr\/wp-json\/wp\/v2\/comments?post=10131"}],"version-history":[{"count":0,"href":"https:\/\/endorfeen.com\/fr\/wp-json\/wp\/v2\/posts\/10131\/revisions"}],"wp:featuredmedia":[{"embeddable":true,"href":"https:\/\/endorfeen.com\/fr\/wp-json\/wp\/v2\/media\/9799"}],"wp:attachment":[{"href":"https:\/\/endorfeen.com\/fr\/wp-json\/wp\/v2\/media?parent=10131"}],"wp:term":[{"taxonomy":"category","embeddable":true,"href":"https:\/\/endorfeen.com\/fr\/wp-json\/wp\/v2\/categories?post=10131"},{"taxonomy":"post_tag","embeddable":true,"href":"https:\/\/endorfeen.com\/fr\/wp-json\/wp\/v2\/tags?post=10131"},{"taxonomy":"sponsor","embeddable":true,"href":"https:\/\/endorfeen.com\/fr\/wp-json\/wp\/v2\/sponsor?post=10131"}],"curies":[{"name":"wp","href":"https:\/\/api.w.org\/{rel}","templated":true}]}}